{"id":12432,"date":"2024-12-02T11:58:50","date_gmt":"2024-12-02T10:58:50","guid":{"rendered":"https:\/\/swissavant.ch\/?p=12432"},"modified":"2024-12-12T12:18:45","modified_gmt":"2024-12-12T11:18:45","slug":"20-ans-de-nexmart-suisse-sa-transformation-reussie-de-la-branche","status":"publish","type":"post","link":"https:\/\/swissavant.ch\/fr\/20-ans-de-nexmart-suisse-sa-transformation-reussie-de-la-branche\/","title":{"rendered":"20 ans de nexMart Suisse SA : une transformation r\u00e9ussie de la branche !"},"content":{"rendered":"<div id='av_section_1'  class='avia-section av-1y3qlqn-231d82c3b0b8d11f5bb7c4bcfc1efe7c alternate_color avia-section-huge avia-no-border-styling  avia-builder-el-0  avia-builder-el-no-sibling  avia-bg-style-scroll container_wrap fullsize'  ><div class='container av-section-cont-open' ><main  class='template-page content  av-content-full alpha units'><div class='post-entry post-entry-type-page post-entry-12432'><div class='entry-content-wrapper clearfix'>\n\n<style type=\"text\/css\" data-created_by=\"avia_inline_auto\" id=\"style-css-av-m3zz6ji8-c07e3a4068be3a1a8fad60be98e5996b\">\n#top .av-special-heading.av-m3zz6ji8-c07e3a4068be3a1a8fad60be98e5996b{\npadding-bottom:10px;\n}\nbody .av-special-heading.av-m3zz6ji8-c07e3a4068be3a1a8fad60be98e5996b .av-special-heading-tag .heading-char{\nfont-size:25px;\n}\n.av-special-heading.av-m3zz6ji8-c07e3a4068be3a1a8fad60be98e5996b .av-subheading{\nfont-size:15px;\n}\n<\/style>\n<div  class='av-special-heading av-m3zz6ji8-c07e3a4068be3a1a8fad60be98e5996b av-special-heading-h2 blockquote modern-quote modern-centered  avia-builder-el-1  el_before_av_textblock  avia-builder-el-first'><h2 class='av-special-heading-tag'  >20 ans de nexMart Suisse SA : une transformation r\u00e9ussie de la branche !<\/h2><div class=\"special-heading-border\"><div class=\"special-heading-inner-border\"><\/div><\/div><\/div>\n<section  class='av_textblock_section av-m3zzc8tx-1a4566287e95ce9ee526a1c6b95fe17a'  ><div class='avia_textblock' ><p><img loading=\"lazy\" decoding=\"async\" class=\"size-medium wp-image-12434 aligncenter\" src=\"https:\/\/swissavant.ch\/mediathek\/2024\/12\/nexmart_GV-714x476.jpg\" alt=\"\" width=\"714\" height=\"476\" srcset=\"https:\/\/swissavant.ch\/mediathek\/2024\/12\/nexmart_GV-714x476.jpg 714w, https:\/\/swissavant.ch\/mediathek\/2024\/12\/nexmart_GV-1030x687.jpg 1030w, https:\/\/swissavant.ch\/mediathek\/2024\/12\/nexmart_GV-18x12.jpg 18w, https:\/\/swissavant.ch\/mediathek\/2024\/12\/nexmart_GV-705x470.jpg 705w, https:\/\/swissavant.ch\/mediathek\/2024\/12\/nexmart_GV.jpg 1329w\" sizes=\"auto, (max-width: 714px) 100vw, 714px\" \/><\/p>\n<p>Le rapport d'activit\u00e9 2023\/2024 contient tout ce qu'il faut savoir sur le bapt\u00eame, le d\u00e9veloppement et la croissance du portail suisse de la branche nexmart : La mise \u00e0 l'eau en 2004, deux ans apr\u00e8s le lancement du portail allemand, peut \u00eatre qualifi\u00e9e r\u00e9trospectivement de \"pas courageux dans des eaux inconnues\". Dans un secteur traditionnel comme celui de la quincaillerie en Suisse, il n'\u00e9tait pas \u00e9vident de num\u00e9riser les proc\u00e9dures et processus familiers entre les fournisseurs et le commerce sp\u00e9cialis\u00e9 avec le t\u00e9l\u00e9phone, le stylo et le fax. Techniquement faisable \u00e0 l'\u00e9poque d\u00e9j\u00e0, il s'est av\u00e9r\u00e9 - \u00e9galement du point de vue de la politique de la branche - qu'il s'agissait d'une grosse pantalonnade. Les possibilit\u00e9s num\u00e9riques d'Internet, qui se sont ouvertes au tournant du mill\u00e9naire, se sont heurt\u00e9es \u00e0 la conviction de l'\u00e9poque : \"On ne l'a jamais fait comme \u00e7a ! Au d\u00e9but, on ne voulait reconna\u00eetre qu'avec r\u00e9ticence les avantages des processus de routine automatis\u00e9s. Les \"pr\u00e9dicateurs itin\u00e9rants\" de nexMart Suisse SA ont d\u00fb convaincre avec de bons arguments et beaucoup de pers\u00e9v\u00e9rance contre \"h\u00e4mmer scho immer eso gmacht\". Et ils y sont parvenus !<\/p>\n<p><img loading=\"lazy\" decoding=\"async\" class=\"size-full wp-image-12435 aligncenter\" src=\"https:\/\/swissavant.ch\/mediathek\/2024\/12\/nexmart_GV1.jpg\" alt=\"\" width=\"332\" height=\"221\" srcset=\"https:\/\/swissavant.ch\/mediathek\/2024\/12\/nexmart_GV1.jpg 332w, https:\/\/swissavant.ch\/mediathek\/2024\/12\/nexmart_GV1-18x12.jpg 18w\" sizes=\"auto, (max-width: 332px) 100vw, 332px\" \/><\/p>\n<blockquote>\n<p>\"Les actionnaires ont pu f\u00eater les 20 ans de nexMart en recevant un dividende anniversaire attractif.<br \/>\nSuisse SA\".<\/p>\n<\/blockquote>\n<h4><\/h4>\n<h4 style=\"text-align: center;\"><a href=\"https:\/\/swissavant.ch\/mediathek\/2024\/12\/20-Jahre-nexMart-Schweiz-AG.pdf\" target=\"_blank\" rel=\"noopener\">Lire l'article complet ici<\/a><\/h4>\n<\/div><\/section>\n\n<style type=\"text\/css\" data-created_by=\"avia_inline_auto\" id=\"style-css-av-68gomn-765b484daac93c08fc0e07a7711d19b1\">\n#top .hr.av-68gomn-765b484daac93c08fc0e07a7711d19b1{\nmargin-top:30px;\nmargin-bottom:22px;\n}\n.hr.av-68gomn-765b484daac93c08fc0e07a7711d19b1 .hr-inner{\nwidth:100px;\nborder-color:#009fe3;\n}\n<\/style>\n<div  class='hr av-68gomn-765b484daac93c08fc0e07a7711d19b1 hr-custom  avia-builder-el-3  el_after_av_textblock  avia-builder-el-last  hr-center hr-icon-no'><span class='hr-inner inner-border-av-border-fat'><span class=\"hr-inner-style\"><\/span><\/span><\/div>","protected":false},"excerpt":{"rendered":"<p>Depuis deux d\u00e9cennies, le portail suisse de la branche \"nexmart\" relie num\u00e9riquement les commerces sp\u00e9cialis\u00e9s en quincaillerie, outillage et appareils \u00e0 leurs fournisseurs. Les actionnaires de nexMart Suisse SA ont honor\u00e9 cet anniversaire en organisant une 20e assembl\u00e9e g\u00e9n\u00e9rale 2024 appropri\u00e9e \u00e0 Lucerne et en versant un dividende anniversaire attractif : Le portail suisse est devenu incontournable dans la branche ! <\/p>","protected":false},"author":13,"featured_media":12436,"comment_status":"closed","ping_status":"closed","sticky":false,"template":"","format":"standard","meta":{"_acf_changed":false,"_monsterinsights_skip_tracking":false,"_monsterinsights_sitenote_active":false,"_monsterinsights_sitenote_note":"","_monsterinsights_sitenote_category":0,"footnotes":""},"categories":[1],"tags":[],"post_folder":[],"class_list":["post-12432","post","type-post","status-publish","format-standard","has-post-thumbnail","hentry","category-aktuelles"],"acf":[],"yoast_head":"<!-- This site is optimized with the Yoast SEO plugin v26.8 - https:\/\/yoast.com\/product\/yoast-seo-wordpress\/ -->\n<title>20 Jahre nexMart Schweiz AG: erfolgreiche Transformation der Branche! - Swissavant<\/title>\n<meta name=\"robots\" content=\"index, follow, max-snippet:-1, max-image-preview:large, max-video-preview:-1\" \/>\n<link rel=\"canonical\" href=\"https:\/\/swissavant.ch\/fr\/20-ans-de-nexmart-suisse-sa-transformation-reussie-de-la-branche\/\" \/>\n<meta property=\"og:locale\" content=\"fr_FR\" \/>\n<meta property=\"og:type\" content=\"article\" \/>\n<meta property=\"og:title\" content=\"20 Jahre nexMart Schweiz AG: erfolgreiche Transformation der Branche! - Swissavant\" \/>\n<meta property=\"og:description\" content=\"Seit zwei Jahrzehnten verbindet das Schweizer Branchenportal \u00abnexmart\u00bb den Eisenwaren-, Werkzeug- und Ger\u00e4tefachhandel digital mit seinen Lieferanten. Die Aktion\u00e4re der nexMart Schweiz AG w\u00fcrdigten den runden Geburtstag mit einer passenden 20. Generalversammlung 2024 in Luzern und einer attraktiven Jubil\u00e4umsdividende: Das Schweizer Portal ist aus der Branche nicht mehr wegzudenken!\" \/>\n<meta property=\"og:url\" content=\"https:\/\/swissavant.ch\/fr\/20-ans-de-nexmart-suisse-sa-transformation-reussie-de-la-branche\/\" \/>\n<meta property=\"og:site_name\" content=\"Swissavant\" \/>\n<meta property=\"article:published_time\" content=\"2024-12-02T10:58:50+00:00\" \/>\n<meta property=\"article:modified_time\" content=\"2024-12-12T11:18:45+00:00\" \/>\n<meta property=\"og:image\" content=\"https:\/\/swissavant.ch\/mediathek\/2024\/12\/nexmart_GV2.jpg\" \/>\n\t<meta property=\"og:image:width\" content=\"1329\" \/>\n\t<meta property=\"og:image:height\" content=\"886\" \/>\n\t<meta property=\"og:image:type\" content=\"image\/jpeg\" \/>\n<meta name=\"author\" content=\"Alexandra Kunz\" \/>\n<meta name=\"twitter:label1\" content=\"\u00c9crit par\" \/>\n\t<meta name=\"twitter:data1\" content=\"Alexandra Kunz\" \/>\n\t<meta name=\"twitter:label2\" content=\"Dur\u00e9e de lecture estim\u00e9e\" \/>\n\t<meta name=\"twitter:data2\" content=\"2 minutes\" \/>\n<script type=\"application\/ld+json\" class=\"yoast-schema-graph\">{\"@context\":\"https:\/\/schema.org\",\"@graph\":[{\"@type\":\"Article\",\"@id\":\"https:\/\/swissavant.ch\/20-jahre-nexmart-schweiz-ag-erfolgreiche-transformation-der-branche\/#article\",\"isPartOf\":{\"@id\":\"https:\/\/swissavant.ch\/20-jahre-nexmart-schweiz-ag-erfolgreiche-transformation-der-branche\/\"},\"author\":{\"name\":\"Alexandra Kunz\",\"@id\":\"https:\/\/swissavant.ch\/#\/schema\/person\/673cb7a981a5e71233de7d32616cfb7a\"},\"headline\":\"20 Jahre nexMart Schweiz AG: erfolgreiche Transformation der Branche!\",\"datePublished\":\"2024-12-02T10:58:50+00:00\",\"dateModified\":\"2024-12-12T11:18:45+00:00\",\"mainEntityOfPage\":{\"@id\":\"https:\/\/swissavant.ch\/20-jahre-nexmart-schweiz-ag-erfolgreiche-transformation-der-branche\/\"},\"wordCount\":642,\"image\":{\"@id\":\"https:\/\/swissavant.ch\/20-jahre-nexmart-schweiz-ag-erfolgreiche-transformation-der-branche\/#primaryimage\"},\"thumbnailUrl\":\"https:\/\/swissavant.ch\/mediathek\/2024\/12\/nexmart_GV2.jpg\",\"articleSection\":[\"Aktuelles\"],\"inLanguage\":\"fr-FR\"},{\"@type\":\"WebPage\",\"@id\":\"https:\/\/swissavant.ch\/20-jahre-nexmart-schweiz-ag-erfolgreiche-transformation-der-branche\/\",\"url\":\"https:\/\/swissavant.ch\/20-jahre-nexmart-schweiz-ag-erfolgreiche-transformation-der-branche\/\",\"name\":\"20 Jahre nexMart Schweiz AG: erfolgreiche Transformation der Branche! - Swissavant\",\"isPartOf\":{\"@id\":\"https:\/\/swissavant.ch\/#website\"},\"primaryImageOfPage\":{\"@id\":\"https:\/\/swissavant.ch\/20-jahre-nexmart-schweiz-ag-erfolgreiche-transformation-der-branche\/#primaryimage\"},\"image\":{\"@id\":\"https:\/\/swissavant.ch\/20-jahre-nexmart-schweiz-ag-erfolgreiche-transformation-der-branche\/#primaryimage\"},\"thumbnailUrl\":\"https:\/\/swissavant.ch\/mediathek\/2024\/12\/nexmart_GV2.jpg\",\"datePublished\":\"2024-12-02T10:58:50+00:00\",\"dateModified\":\"2024-12-12T11:18:45+00:00\",\"author\":{\"@id\":\"https:\/\/swissavant.ch\/#\/schema\/person\/673cb7a981a5e71233de7d32616cfb7a\"},\"breadcrumb\":{\"@id\":\"https:\/\/swissavant.ch\/20-jahre-nexmart-schweiz-ag-erfolgreiche-transformation-der-branche\/#breadcrumb\"},\"inLanguage\":\"fr-FR\",\"potentialAction\":[{\"@type\":\"ReadAction\",\"target\":[\"https:\/\/swissavant.ch\/20-jahre-nexmart-schweiz-ag-erfolgreiche-transformation-der-branche\/\"]}]},{\"@type\":\"ImageObject\",\"inLanguage\":\"fr-FR\",\"@id\":\"https:\/\/swissavant.ch\/20-jahre-nexmart-schweiz-ag-erfolgreiche-transformation-der-branche\/#primaryimage\",\"url\":\"https:\/\/swissavant.ch\/mediathek\/2024\/12\/nexmart_GV2.jpg\",\"contentUrl\":\"https:\/\/swissavant.ch\/mediathek\/2024\/12\/nexmart_GV2.jpg\",\"width\":1329,\"height\":886},{\"@type\":\"BreadcrumbList\",\"@id\":\"https:\/\/swissavant.ch\/20-jahre-nexmart-schweiz-ag-erfolgreiche-transformation-der-branche\/#breadcrumb\",\"itemListElement\":[{\"@type\":\"ListItem\",\"position\":1,\"name\":\"Home\",\"item\":\"https:\/\/swissavant.ch\/home\/\"},{\"@type\":\"ListItem\",\"position\":2,\"name\":\"20 Jahre nexMart Schweiz AG: erfolgreiche Transformation der Branche!\"}]},{\"@type\":\"WebSite\",\"@id\":\"https:\/\/swissavant.ch\/#website\",\"url\":\"https:\/\/swissavant.ch\/\",\"name\":\"Swissavant\",\"description\":\"Swissavant\",\"potentialAction\":[{\"@type\":\"SearchAction\",\"target\":{\"@type\":\"EntryPoint\",\"urlTemplate\":\"https:\/\/swissavant.ch\/?s={search_term_string}\"},\"query-input\":{\"@type\":\"PropertyValueSpecification\",\"valueRequired\":true,\"valueName\":\"search_term_string\"}}],\"inLanguage\":\"fr-FR\"},{\"@type\":\"Person\",\"@id\":\"https:\/\/swissavant.ch\/#\/schema\/person\/673cb7a981a5e71233de7d32616cfb7a\",\"name\":\"Alexandra Kunz\"}]}<\/script>\n<!-- \/ Yoast SEO plugin. -->","yoast_head_json":{"title":"20 ans de nexMart Suisse SA : transformation r\u00e9ussie de la branche ! - Swissavant","robots":{"index":"index","follow":"follow","max-snippet":"max-snippet:-1","max-image-preview":"max-image-preview:large","max-video-preview":"max-video-preview:-1"},"canonical":"https:\/\/swissavant.ch\/fr\/20-ans-de-nexmart-suisse-sa-transformation-reussie-de-la-branche\/","og_locale":"fr_FR","og_type":"article","og_title":"20 Jahre nexMart Schweiz AG: erfolgreiche Transformation der Branche! - Swissavant","og_description":"Seit zwei Jahrzehnten verbindet das Schweizer Branchenportal \u00abnexmart\u00bb den Eisenwaren-, Werkzeug- und Ger\u00e4tefachhandel digital mit seinen Lieferanten. Die Aktion\u00e4re der nexMart Schweiz AG w\u00fcrdigten den runden Geburtstag mit einer passenden 20. Generalversammlung 2024 in Luzern und einer attraktiven Jubil\u00e4umsdividende: Das Schweizer Portal ist aus der Branche nicht mehr wegzudenken!","og_url":"https:\/\/swissavant.ch\/fr\/20-ans-de-nexmart-suisse-sa-transformation-reussie-de-la-branche\/","og_site_name":"Swissavant","article_published_time":"2024-12-02T10:58:50+00:00","article_modified_time":"2024-12-12T11:18:45+00:00","og_image":[{"width":1329,"height":886,"url":"https:\/\/swissavant.ch\/mediathek\/2024\/12\/nexmart_GV2.jpg","type":"image\/jpeg"}],"author":"Alexandra Kunz","twitter_misc":{"\u00c9crit par":"Alexandra Kunz","Dur\u00e9e de lecture estim\u00e9e":"2 minutes"},"schema":{"@context":"https:\/\/schema.org","@graph":[{"@type":"Article","@id":"https:\/\/swissavant.ch\/20-jahre-nexmart-schweiz-ag-erfolgreiche-transformation-der-branche\/#article","isPartOf":{"@id":"https:\/\/swissavant.ch\/20-jahre-nexmart-schweiz-ag-erfolgreiche-transformation-der-branche\/"},"author":{"name":"Alexandra Kunz","@id":"https:\/\/swissavant.ch\/#\/schema\/person\/673cb7a981a5e71233de7d32616cfb7a"},"headline":"20 Jahre nexMart Schweiz AG: erfolgreiche Transformation der Branche!","datePublished":"2024-12-02T10:58:50+00:00","dateModified":"2024-12-12T11:18:45+00:00","mainEntityOfPage":{"@id":"https:\/\/swissavant.ch\/20-jahre-nexmart-schweiz-ag-erfolgreiche-transformation-der-branche\/"},"wordCount":642,"image":{"@id":"https:\/\/swissavant.ch\/20-jahre-nexmart-schweiz-ag-erfolgreiche-transformation-der-branche\/#primaryimage"},"thumbnailUrl":"https:\/\/swissavant.ch\/mediathek\/2024\/12\/nexmart_GV2.jpg","articleSection":["Aktuelles"],"inLanguage":"fr-FR"},{"@type":"WebPage","@id":"https:\/\/swissavant.ch\/20-jahre-nexmart-schweiz-ag-erfolgreiche-transformation-der-branche\/","url":"https:\/\/swissavant.ch\/20-jahre-nexmart-schweiz-ag-erfolgreiche-transformation-der-branche\/","name":"20 ans de nexMart Suisse SA : transformation r\u00e9ussie de la branche ! - Swissavant","isPartOf":{"@id":"https:\/\/swissavant.ch\/#website"},"primaryImageOfPage":{"@id":"https:\/\/swissavant.ch\/20-jahre-nexmart-schweiz-ag-erfolgreiche-transformation-der-branche\/#primaryimage"},"image":{"@id":"https:\/\/swissavant.ch\/20-jahre-nexmart-schweiz-ag-erfolgreiche-transformation-der-branche\/#primaryimage"},"thumbnailUrl":"https:\/\/swissavant.ch\/mediathek\/2024\/12\/nexmart_GV2.jpg","datePublished":"2024-12-02T10:58:50+00:00","dateModified":"2024-12-12T11:18:45+00:00","author":{"@id":"https:\/\/swissavant.ch\/#\/schema\/person\/673cb7a981a5e71233de7d32616cfb7a"},"breadcrumb":{"@id":"https:\/\/swissavant.ch\/20-jahre-nexmart-schweiz-ag-erfolgreiche-transformation-der-branche\/#breadcrumb"},"inLanguage":"fr-FR","potentialAction":[{"@type":"ReadAction","target":["https:\/\/swissavant.ch\/20-jahre-nexmart-schweiz-ag-erfolgreiche-transformation-der-branche\/"]}]},{"@type":"ImageObject","inLanguage":"fr-FR","@id":"https:\/\/swissavant.ch\/20-jahre-nexmart-schweiz-ag-erfolgreiche-transformation-der-branche\/#primaryimage","url":"https:\/\/swissavant.ch\/mediathek\/2024\/12\/nexmart_GV2.jpg","contentUrl":"https:\/\/swissavant.ch\/mediathek\/2024\/12\/nexmart_GV2.jpg","width":1329,"height":886},{"@type":"BreadcrumbList","@id":"https:\/\/swissavant.ch\/20-jahre-nexmart-schweiz-ag-erfolgreiche-transformation-der-branche\/#breadcrumb","itemListElement":[{"@type":"ListItem","position":1,"name":"Home","item":"https:\/\/swissavant.ch\/home\/"},{"@type":"ListItem","position":2,"name":"20 Jahre nexMart Schweiz AG: erfolgreiche Transformation der Branche!"}]},{"@type":"WebSite","@id":"https:\/\/swissavant.ch\/#website","url":"https:\/\/swissavant.ch\/","name":"Swissavant","description":"Swissavant","potentialAction":[{"@type":"SearchAction","target":{"@type":"EntryPoint","urlTemplate":"https:\/\/swissavant.ch\/?s={search_term_string}"},"query-input":{"@type":"PropertyValueSpecification","valueRequired":true,"valueName":"search_term_string"}}],"inLanguage":"fr-FR"},{"@type":"Person","@id":"https:\/\/swissavant.ch\/#\/schema\/person\/673cb7a981a5e71233de7d32616cfb7a","name":"Alexandra Kunz"}]}},"_links":{"self":[{"href":"https:\/\/swissavant.ch\/fr\/wp-json\/wp\/v2\/posts\/12432","targetHints":{"allow":["GET"]}}],"collection":[{"href":"https:\/\/swissavant.ch\/fr\/wp-json\/wp\/v2\/posts"}],"about":[{"href":"https:\/\/swissavant.ch\/fr\/wp-json\/wp\/v2\/types\/post"}],"author":[{"embeddable":true,"href":"https:\/\/swissavant.ch\/fr\/wp-json\/wp\/v2\/users\/13"}],"replies":[{"embeddable":true,"href":"https:\/\/swissavant.ch\/fr\/wp-json\/wp\/v2\/comments?post=12432"}],"version-history":[{"count":5,"href":"https:\/\/swissavant.ch\/fr\/wp-json\/wp\/v2\/posts\/12432\/revisions"}],"predecessor-version":[{"id":12443,"href":"https:\/\/swissavant.ch\/fr\/wp-json\/wp\/v2\/posts\/12432\/revisions\/12443"}],"wp:featuredmedia":[{"embeddable":true,"href":"https:\/\/swissavant.ch\/fr\/wp-json\/wp\/v2\/media\/12436"}],"wp:attachment":[{"href":"https:\/\/swissavant.ch\/fr\/wp-json\/wp\/v2\/media?parent=12432"}],"wp:term":[{"taxonomy":"category","embeddable":true,"href":"https:\/\/swissavant.ch\/fr\/wp-json\/wp\/v2\/categories?post=12432"},{"taxonomy":"post_tag","embeddable":true,"href":"https:\/\/swissavant.ch\/fr\/wp-json\/wp\/v2\/tags?post=12432"},{"taxonomy":"post_folder","embeddable":true,"href":"https:\/\/swissavant.ch\/fr\/wp-json\/wp\/v2\/post_folder?post=12432"}],"curies":[{"name":"wp","href":"https:\/\/api.w.org\/{rel}","templated":true}]}}