{"id":12530,"date":"2025-01-15T09:27:04","date_gmt":"2025-01-15T08:27:04","guid":{"rendered":"https:\/\/swissavant.ch\/?p=12530"},"modified":"2025-02-19T16:39:22","modified_gmt":"2025-02-19T15:39:22","slug":"cetait-le-hardware-2025","status":"publish","type":"post","link":"https:\/\/swissavant.ch\/fr\/cetait-le-hardware-2025\/","title":{"rendered":"Impressions personnelles sur le mat\u00e9riel 2025"},"content":{"rendered":"<p><span style=\"display: inline-block; width: 0px; overflow: hidden; line-height: 0;\" data-mce-type=\"bookmark\" class=\"mce_SELRES_start\"><\/span><div id='av_section_1'  class='avia-section av-1zyll1o-01f6bb57b4b983583cba60f6c47405db alternate_color avia-section-huge avia-no-border-styling  avia-builder-el-0  avia-builder-el-no-sibling  avia-bg-style-scroll container_wrap fullsize'  ><div class='container av-section-cont-open' ><main  class='template-page content  av-content-full alpha units'><div class='post-entry post-entry-type-page post-entry-12530'><div class='entry-content-wrapper clearfix'>\n\n<style type=\"text\/css\" data-created_by=\"avia_inline_auto\" id=\"style-css-av-m5nztqas-862748e19d88d2211fe9269bf5634152\">\n.avia-image-container.av-m5nztqas-862748e19d88d2211fe9269bf5634152 img.avia_image{\nbox-shadow:none;\n}\n.avia-image-container.av-m5nztqas-862748e19d88d2211fe9269bf5634152 .av-image-caption-overlay-center{\ncolor:#ffffff;\n}\n<\/style>\n<div  class='avia-image-container av-m5nztqas-862748e19d88d2211fe9269bf5634152 av-styling- avia-align-center  avia-builder-el-1  el_before_av_heading  avia-builder-el-first'  ><div class=\"avia-image-container-inner\"><div class=\"avia-image-overlay-wrap\"><img decoding=\"async\" fetchpriority=\"high\" class='wp-image-12480 avia-img-lazy-loading-not-12480 avia_image' src=\"https:\/\/swissavant.ch\/mediathek\/2025\/01\/hardware-logo-Kopie.png\" alt='' title='copie du logo mat\u00e9riel'  height=\"47\" width=\"275\" srcset=\"https:\/\/swissavant.ch\/mediathek\/2025\/01\/hardware-logo-Kopie.png 275w, https:\/\/swissavant.ch\/mediathek\/2025\/01\/hardware-logo-Kopie-18x3.png 18w\" sizes=\"(max-width: 275px) 100vw, 275px\" \/><\/div><\/div><\/div>\n\n<style type=\"text\/css\" data-created_by=\"avia_inline_auto\" id=\"style-css-av-m5nzrf40-84f50d7238ba1dc956a1fe38cdde49cb\">\n#top .av-special-heading.av-m5nzrf40-84f50d7238ba1dc956a1fe38cdde49cb{\npadding-bottom:10px;\n}\nbody .av-special-heading.av-m5nzrf40-84f50d7238ba1dc956a1fe38cdde49cb .av-special-heading-tag .heading-char{\nfont-size:25px;\n}\n.av-special-heading.av-m5nzrf40-84f50d7238ba1dc956a1fe38cdde49cb .av-subheading{\nfont-size:15px;\n}\n<\/style>\n<div  class='av-special-heading av-m5nzrf40-84f50d7238ba1dc956a1fe38cdde49cb av-special-heading-h2 blockquote modern-quote modern-centered  avia-builder-el-2  el_after_av_image  el_before_av_hr'><h2 class='av-special-heading-tag'  >Hardware 2025 : un hub d'innovation pour notre secteur !<\/h2><div class=\"special-heading-border\"><div class=\"special-heading-inner-border\"><\/div><\/div><\/div>\n\n<style type=\"text\/css\" data-created_by=\"avia_inline_auto\" id=\"style-css-av-1poge98-a31e354dfb546afea0651652b6294703\">\n#top .hr.av-1poge98-a31e354dfb546afea0651652b6294703{\nmargin-top:30px;\nmargin-bottom:22px;\n}\n.hr.av-1poge98-a31e354dfb546afea0651652b6294703 .hr-inner{\nwidth:100px;\nborder-color:#009fe3;\n}\n<\/style>\n<div  class='hr av-1poge98-a31e354dfb546afea0651652b6294703 hr-custom  avia-builder-el-3  el_after_av_heading  el_before_av_textblock  hr-center hr-icon-no'><span class='hr-inner inner-border-av-border-fat'><span class=\"hr-inner-style\"><\/span><\/span><\/div>\n<section  class='av_textblock_section av-m5nzvsoz-3ddafae330eab89d10fcb740ecd62ac1'  ><div class='avia_textblock' ><p>La combinaison d'une forte capacit\u00e9 d'innovation, d'un r\u00e9seau personnel et d'une promotion cibl\u00e9e de la rel\u00e8ve a \u00e9t\u00e9 particuli\u00e8rement convaincante et offre des perspectives d'avenir durables \u00e0 notre branche suisse de la quincaillerie et de l'outillage.<\/p>\n<p>Avec le concept de salon Hardware 2025, qui a fait ses preuves depuis des d\u00e9cennies - un m\u00e9lange de pr\u00e9sentations d'innovations, de prospection commerciale et de promotion cibl\u00e9e de la rel\u00e8ve professionnelle - cette plateforme nationale de rencontres et d'informations s'est \u00e0 nouveau impos\u00e9e comme un \u00e9v\u00e9nement incontournable de la branche.<\/p>\n<h3><img loading=\"lazy\" decoding=\"async\" class=\"wp-image-10846 alignright\" src=\"https:\/\/swissavant.ch\/mediathek\/2023\/03\/Rotermund_Christoph_800x800-80x80.jpg\" alt=\"\" width=\"155\" height=\"155\" srcset=\"https:\/\/swissavant.ch\/mediathek\/2023\/03\/Rotermund_Christoph_800x800-80x80.jpg 80w, https:\/\/swissavant.ch\/mediathek\/2023\/03\/Rotermund_Christoph_800x800-714x714.jpg 714w, https:\/\/swissavant.ch\/mediathek\/2023\/03\/Rotermund_Christoph_800x800-12x12.jpg 12w, https:\/\/swissavant.ch\/mediathek\/2023\/03\/Rotermund_Christoph_800x800-36x36.jpg 36w, https:\/\/swissavant.ch\/mediathek\/2023\/03\/Rotermund_Christoph_800x800-180x180.jpg 180w, https:\/\/swissavant.ch\/mediathek\/2023\/03\/Rotermund_Christoph_800x800-705x705.jpg 705w, https:\/\/swissavant.ch\/mediathek\/2023\/03\/Rotermund_Christoph_800x800.jpg 800w\" sizes=\"auto, (max-width: 155px) 100vw, 155px\" \/><\/h3>\n<blockquote>\n<h3>\"Je suis heureux de voir que les jeunes visiteurs \u00e9taient motiv\u00e9s et ont montr\u00e9 de l'int\u00e9r\u00eat. Notre branche est bien positionn\u00e9e pour l'avenir\", d\u00e9clare Christoph Rotermund.<\/h3>\n<\/blockquote>\n<h3><\/h3>\n<h3><\/h3>\n<h3><\/h3>\n<h3><img loading=\"lazy\" decoding=\"async\" class=\"wp-image-12531 aligncenter\" src=\"https:\/\/swissavant.ch\/mediathek\/2025\/01\/HW25_1-714x476.png\" alt=\"\" width=\"483\" height=\"322\" srcset=\"https:\/\/swissavant.ch\/mediathek\/2025\/01\/HW25_1-714x476.png 714w, https:\/\/swissavant.ch\/mediathek\/2025\/01\/HW25_1-1030x687.png 1030w, https:\/\/swissavant.ch\/mediathek\/2025\/01\/HW25_1-18x12.png 18w, https:\/\/swissavant.ch\/mediathek\/2025\/01\/HW25_1-705x470.png 705w, https:\/\/swissavant.ch\/mediathek\/2025\/01\/HW25_1.png 1080w\" sizes=\"auto, (max-width: 483px) 100vw, 483px\" \/>Un d\u00e9but de branche fort en 2025<\/h3>\n<p>Il faut incontestablement souligner l'accent mis sur nos jeunes professionnels, qui ont \u00e9t\u00e9 activement impliqu\u00e9s dans notre secteur gr\u00e2ce \u00e0 des attractions cibl\u00e9es le dernier jour du salon - en somme, une contribution d\u00e9cisive pour assurer les futurs besoins en personnel qualifi\u00e9 et en cadres dans notre secteur. Cette ann\u00e9e encore, Hardware 2025 a donc \u00e9t\u00e9 le coup d'envoi par excellence de la branche pour tous les commer\u00e7ants sp\u00e9cialis\u00e9s et les fournisseurs.<\/p>\n<h3><\/h3>\n<blockquote>\n<h3><\/h3>\n<\/blockquote>\n<h3><\/h3>\n<h3><\/h3>\n<h3><\/h3>\n<h3><\/h3>\n<h3>Nouveaux mod\u00e8les commerciaux<\/h3>\n<p>Durant les trois jours du salon, il a \u00e9t\u00e9 particuli\u00e8rement impressionnant de voir comment des impulsions cibl\u00e9es ont \u00e9t\u00e9 donn\u00e9es pour le d\u00e9veloppement du commerce sp\u00e9cialis\u00e9 suisse, en pr\u00e9sentant des produits et des nouveaut\u00e9s d'avenir ainsi que des mod\u00e8les commerciaux cr\u00e9atifs pour un partenariat commercial r\u00e9ussi. En quelques secondes, les donn\u00e9es du march\u00e9 de toute la Suisse ont pu \u00eatre mises \u00e0 disposition pour des actions entrepreneuriales. Un point fort num\u00e9rique pour une prospection efficace du march\u00e9, qui justifiait \u00e0 lui seul le d\u00e9placement \u00e0 Lucerne !<\/p>\n<h3>Le monde du commerce en r\u00e9seau - Technologies num\u00e9riques<\/h3>\n<p>L'int\u00e9gration de formats num\u00e9riques, comme le site web informatif \"Hardware 365\", \u00e9largit l'utilit\u00e9 du salon Hardware 2025 au-del\u00e0 de l'\u00e9v\u00e9nement physique proprement dit et soutient ainsi, dans notre vaste secteur, une mise en r\u00e9seau et une transmission de connaissances continues. Un must absolu si l'on veut relever les d\u00e9fis complexes d'un paysage commercial num\u00e9rique dans notre secteur.<\/p>\n<p>Un autre \u00e9l\u00e9ment strat\u00e9gique pour le d\u00e9veloppement r\u00e9ussi du hardware en tant que point de rencontre central pour notre branche sera sans aucun doute l'utilisation plus intensive des technologies num\u00e9riques, afin que le succ\u00e8s du hardware des derni\u00e8res d\u00e9cennies puisse se poursuivre dans un monde commercial suisse de plus en plus interconnect\u00e9.<\/p>\n<h3>Mat\u00e9riel informatique 2027<\/h3>\n<p><strong>Le prochain Hardware \u00e0 Lucerne aura lieu du 10 au 12 janvier 2027.<\/strong><\/p>\n<h4 class=\"av-special-heading-tag\"><em>\u00a0<\/em><\/h4>\n<\/div><\/section>\n\n<style type=\"text\/css\" data-created_by=\"avia_inline_auto\" id=\"style-css-av-12oafsc-0f63ad38d2dcf6308eee0e022183d153\">\n#top .hr.hr-invisible.av-12oafsc-0f63ad38d2dcf6308eee0e022183d153{\nheight:7px;\n}\n<\/style>\n<div  class='hr av-12oafsc-0f63ad38d2dcf6308eee0e022183d153 hr-invisible  avia-builder-el-5  el_after_av_textblock  avia-builder-el-last'><span class='hr-inner'><span class=\"hr-inner-style\"><\/span><\/span><\/div>\n<span style=\"display: inline-block; width: 0px; overflow: hidden; line-height: 0;\" data-mce-type=\"bookmark\" class=\"mce_SELRES_end\"><\/span><\/p>","protected":false},"excerpt":{"rendered":"<p>Pour la 14e fois d\u00e9j\u00e0, le salon du commerce sp\u00e9cialis\u00e9 Hardware 2025 a confirm\u00e9 de mani\u00e8re impressionnante son importance strat\u00e9gique en tant que point de rencontre central pour la branche suisse de la quincaillerie et de l'outillage. <\/p>","protected":false},"author":13,"featured_media":12149,"comment_status":"closed","ping_status":"closed","sticky":false,"template":"","format":"standard","meta":{"_acf_changed":false,"_monsterinsights_skip_tracking":false,"_monsterinsights_sitenote_active":false,"_monsterinsights_sitenote_note":"","_monsterinsights_sitenote_category":0,"footnotes":""},"categories":[1],"tags":[],"post_folder":[],"class_list":["post-12530","post","type-post","status-publish","format-standard","has-post-thumbnail","hentry","category-aktuelles"],"acf":[],"yoast_head":"<!-- This site is optimized with the Yoast SEO plugin v26.8 - https:\/\/yoast.com\/product\/yoast-seo-wordpress\/ -->\n<title>Pers\u00f6nliche Eindr\u00fccke \u00fcber die Hardware 2025 - Swissavant<\/title>\n<meta name=\"robots\" content=\"index, follow, max-snippet:-1, max-image-preview:large, max-video-preview:-1\" \/>\n<link rel=\"canonical\" href=\"https:\/\/swissavant.ch\/fr\/cetait-le-hardware-2025\/\" \/>\n<meta property=\"og:locale\" content=\"fr_FR\" \/>\n<meta property=\"og:type\" content=\"article\" \/>\n<meta property=\"og:title\" content=\"Pers\u00f6nliche Eindr\u00fccke \u00fcber die Hardware 2025 - Swissavant\" \/>\n<meta property=\"og:description\" content=\"Die Fachhandelsmesse Hardware 2025 hat bereits zum 14. Mal den strategischen Stellenwert als zentraler Treffpunkt f\u00fcr die Schweizer Eisenwaren- und Werkzeugbranche eindrucksvoll best\u00e4tigt.\" \/>\n<meta property=\"og:url\" content=\"https:\/\/swissavant.ch\/fr\/cetait-le-hardware-2025\/\" \/>\n<meta property=\"og:site_name\" content=\"Swissavant\" \/>\n<meta property=\"article:published_time\" content=\"2025-01-15T08:27:04+00:00\" \/>\n<meta property=\"article:modified_time\" content=\"2025-02-19T15:39:22+00:00\" \/>\n<meta property=\"og:image\" content=\"https:\/\/swissavant.ch\/mediathek\/2024\/04\/Hardware2.jpg\" \/>\n\t<meta property=\"og:image:width\" content=\"786\" \/>\n\t<meta property=\"og:image:height\" content=\"580\" \/>\n\t<meta property=\"og:image:type\" content=\"image\/jpeg\" \/>\n<meta name=\"author\" content=\"Alexandra Kunz\" \/>\n<meta name=\"twitter:label1\" content=\"\u00c9crit par\" \/>\n\t<meta name=\"twitter:data1\" content=\"Alexandra Kunz\" \/>\n\t<meta name=\"twitter:label2\" content=\"Dur\u00e9e de lecture estim\u00e9e\" \/>\n\t<meta name=\"twitter:data2\" content=\"3 minutes\" \/>\n<script type=\"application\/ld+json\" class=\"yoast-schema-graph\">{\"@context\":\"https:\/\/schema.org\",\"@graph\":[{\"@type\":\"Article\",\"@id\":\"https:\/\/swissavant.ch\/das-war-die-hardware-2025\/#article\",\"isPartOf\":{\"@id\":\"https:\/\/swissavant.ch\/das-war-die-hardware-2025\/\"},\"author\":{\"name\":\"Alexandra Kunz\",\"@id\":\"https:\/\/swissavant.ch\/#\/schema\/person\/673cb7a981a5e71233de7d32616cfb7a\"},\"headline\":\"Pers\u00f6nliche Eindr\u00fccke \u00fcber die Hardware 2025\",\"datePublished\":\"2025-01-15T08:27:04+00:00\",\"dateModified\":\"2025-02-19T15:39:22+00:00\",\"mainEntityOfPage\":{\"@id\":\"https:\/\/swissavant.ch\/das-war-die-hardware-2025\/\"},\"wordCount\":1088,\"image\":{\"@id\":\"https:\/\/swissavant.ch\/das-war-die-hardware-2025\/#primaryimage\"},\"thumbnailUrl\":\"https:\/\/swissavant.ch\/mediathek\/2024\/04\/Hardware2.jpg\",\"articleSection\":[\"Aktuelles\"],\"inLanguage\":\"fr-FR\"},{\"@type\":\"WebPage\",\"@id\":\"https:\/\/swissavant.ch\/das-war-die-hardware-2025\/\",\"url\":\"https:\/\/swissavant.ch\/das-war-die-hardware-2025\/\",\"name\":\"Pers\u00f6nliche Eindr\u00fccke \u00fcber die Hardware 2025 - Swissavant\",\"isPartOf\":{\"@id\":\"https:\/\/swissavant.ch\/#website\"},\"primaryImageOfPage\":{\"@id\":\"https:\/\/swissavant.ch\/das-war-die-hardware-2025\/#primaryimage\"},\"image\":{\"@id\":\"https:\/\/swissavant.ch\/das-war-die-hardware-2025\/#primaryimage\"},\"thumbnailUrl\":\"https:\/\/swissavant.ch\/mediathek\/2024\/04\/Hardware2.jpg\",\"datePublished\":\"2025-01-15T08:27:04+00:00\",\"dateModified\":\"2025-02-19T15:39:22+00:00\",\"author\":{\"@id\":\"https:\/\/swissavant.ch\/#\/schema\/person\/673cb7a981a5e71233de7d32616cfb7a\"},\"breadcrumb\":{\"@id\":\"https:\/\/swissavant.ch\/das-war-die-hardware-2025\/#breadcrumb\"},\"inLanguage\":\"fr-FR\",\"potentialAction\":[{\"@type\":\"ReadAction\",\"target\":[\"https:\/\/swissavant.ch\/das-war-die-hardware-2025\/\"]}]},{\"@type\":\"ImageObject\",\"inLanguage\":\"fr-FR\",\"@id\":\"https:\/\/swissavant.ch\/das-war-die-hardware-2025\/#primaryimage\",\"url\":\"https:\/\/swissavant.ch\/mediathek\/2024\/04\/Hardware2.jpg\",\"contentUrl\":\"https:\/\/swissavant.ch\/mediathek\/2024\/04\/Hardware2.jpg\",\"width\":786,\"height\":580},{\"@type\":\"BreadcrumbList\",\"@id\":\"https:\/\/swissavant.ch\/das-war-die-hardware-2025\/#breadcrumb\",\"itemListElement\":[{\"@type\":\"ListItem\",\"position\":1,\"name\":\"Home\",\"item\":\"https:\/\/swissavant.ch\/home\/\"},{\"@type\":\"ListItem\",\"position\":2,\"name\":\"Pers\u00f6nliche Eindr\u00fccke \u00fcber die Hardware 2025\"}]},{\"@type\":\"WebSite\",\"@id\":\"https:\/\/swissavant.ch\/#website\",\"url\":\"https:\/\/swissavant.ch\/\",\"name\":\"Swissavant\",\"description\":\"Swissavant\",\"potentialAction\":[{\"@type\":\"SearchAction\",\"target\":{\"@type\":\"EntryPoint\",\"urlTemplate\":\"https:\/\/swissavant.ch\/?s={search_term_string}\"},\"query-input\":{\"@type\":\"PropertyValueSpecification\",\"valueRequired\":true,\"valueName\":\"search_term_string\"}}],\"inLanguage\":\"fr-FR\"},{\"@type\":\"Person\",\"@id\":\"https:\/\/swissavant.ch\/#\/schema\/person\/673cb7a981a5e71233de7d32616cfb7a\",\"name\":\"Alexandra Kunz\"}]}<\/script>\n<!-- \/ Yoast SEO plugin. -->","yoast_head_json":{"title":"Impressions personnelles sur le mat\u00e9riel 2025 - Swissavant","robots":{"index":"index","follow":"follow","max-snippet":"max-snippet:-1","max-image-preview":"max-image-preview:large","max-video-preview":"max-video-preview:-1"},"canonical":"https:\/\/swissavant.ch\/fr\/cetait-le-hardware-2025\/","og_locale":"fr_FR","og_type":"article","og_title":"Pers\u00f6nliche Eindr\u00fccke \u00fcber die Hardware 2025 - Swissavant","og_description":"Die Fachhandelsmesse Hardware 2025 hat bereits zum 14. Mal den strategischen Stellenwert als zentraler Treffpunkt f\u00fcr die Schweizer Eisenwaren- und Werkzeugbranche eindrucksvoll best\u00e4tigt.","og_url":"https:\/\/swissavant.ch\/fr\/cetait-le-hardware-2025\/","og_site_name":"Swissavant","article_published_time":"2025-01-15T08:27:04+00:00","article_modified_time":"2025-02-19T15:39:22+00:00","og_image":[{"width":786,"height":580,"url":"https:\/\/swissavant.ch\/mediathek\/2024\/04\/Hardware2.jpg","type":"image\/jpeg"}],"author":"Alexandra Kunz","twitter_misc":{"\u00c9crit par":"Alexandra Kunz","Dur\u00e9e de lecture estim\u00e9e":"3 minutes"},"schema":{"@context":"https:\/\/schema.org","@graph":[{"@type":"Article","@id":"https:\/\/swissavant.ch\/das-war-die-hardware-2025\/#article","isPartOf":{"@id":"https:\/\/swissavant.ch\/das-war-die-hardware-2025\/"},"author":{"name":"Alexandra Kunz","@id":"https:\/\/swissavant.ch\/#\/schema\/person\/673cb7a981a5e71233de7d32616cfb7a"},"headline":"Pers\u00f6nliche Eindr\u00fccke \u00fcber die Hardware 2025","datePublished":"2025-01-15T08:27:04+00:00","dateModified":"2025-02-19T15:39:22+00:00","mainEntityOfPage":{"@id":"https:\/\/swissavant.ch\/das-war-die-hardware-2025\/"},"wordCount":1088,"image":{"@id":"https:\/\/swissavant.ch\/das-war-die-hardware-2025\/#primaryimage"},"thumbnailUrl":"https:\/\/swissavant.ch\/mediathek\/2024\/04\/Hardware2.jpg","articleSection":["Aktuelles"],"inLanguage":"fr-FR"},{"@type":"WebPage","@id":"https:\/\/swissavant.ch\/das-war-die-hardware-2025\/","url":"https:\/\/swissavant.ch\/das-war-die-hardware-2025\/","name":"Impressions personnelles sur le mat\u00e9riel 2025 - Swissavant","isPartOf":{"@id":"https:\/\/swissavant.ch\/#website"},"primaryImageOfPage":{"@id":"https:\/\/swissavant.ch\/das-war-die-hardware-2025\/#primaryimage"},"image":{"@id":"https:\/\/swissavant.ch\/das-war-die-hardware-2025\/#primaryimage"},"thumbnailUrl":"https:\/\/swissavant.ch\/mediathek\/2024\/04\/Hardware2.jpg","datePublished":"2025-01-15T08:27:04+00:00","dateModified":"2025-02-19T15:39:22+00:00","author":{"@id":"https:\/\/swissavant.ch\/#\/schema\/person\/673cb7a981a5e71233de7d32616cfb7a"},"breadcrumb":{"@id":"https:\/\/swissavant.ch\/das-war-die-hardware-2025\/#breadcrumb"},"inLanguage":"fr-FR","potentialAction":[{"@type":"ReadAction","target":["https:\/\/swissavant.ch\/das-war-die-hardware-2025\/"]}]},{"@type":"ImageObject","inLanguage":"fr-FR","@id":"https:\/\/swissavant.ch\/das-war-die-hardware-2025\/#primaryimage","url":"https:\/\/swissavant.ch\/mediathek\/2024\/04\/Hardware2.jpg","contentUrl":"https:\/\/swissavant.ch\/mediathek\/2024\/04\/Hardware2.jpg","width":786,"height":580},{"@type":"BreadcrumbList","@id":"https:\/\/swissavant.ch\/das-war-die-hardware-2025\/#breadcrumb","itemListElement":[{"@type":"ListItem","position":1,"name":"Home","item":"https:\/\/swissavant.ch\/home\/"},{"@type":"ListItem","position":2,"name":"Pers\u00f6nliche Eindr\u00fccke \u00fcber die Hardware 2025"}]},{"@type":"WebSite","@id":"https:\/\/swissavant.ch\/#website","url":"https:\/\/swissavant.ch\/","name":"Swissavant","description":"Swissavant","potentialAction":[{"@type":"SearchAction","target":{"@type":"EntryPoint","urlTemplate":"https:\/\/swissavant.ch\/?s={search_term_string}"},"query-input":{"@type":"PropertyValueSpecification","valueRequired":true,"valueName":"search_term_string"}}],"inLanguage":"fr-FR"},{"@type":"Person","@id":"https:\/\/swissavant.ch\/#\/schema\/person\/673cb7a981a5e71233de7d32616cfb7a","name":"Alexandra Kunz"}]}},"_links":{"self":[{"href":"https:\/\/swissavant.ch\/fr\/wp-json\/wp\/v2\/posts\/12530","targetHints":{"allow":["GET"]}}],"collection":[{"href":"https:\/\/swissavant.ch\/fr\/wp-json\/wp\/v2\/posts"}],"about":[{"href":"https:\/\/swissavant.ch\/fr\/wp-json\/wp\/v2\/types\/post"}],"author":[{"embeddable":true,"href":"https:\/\/swissavant.ch\/fr\/wp-json\/wp\/v2\/users\/13"}],"replies":[{"embeddable":true,"href":"https:\/\/swissavant.ch\/fr\/wp-json\/wp\/v2\/comments?post=12530"}],"version-history":[{"count":10,"href":"https:\/\/swissavant.ch\/fr\/wp-json\/wp\/v2\/posts\/12530\/revisions"}],"predecessor-version":[{"id":12614,"href":"https:\/\/swissavant.ch\/fr\/wp-json\/wp\/v2\/posts\/12530\/revisions\/12614"}],"wp:featuredmedia":[{"embeddable":true,"href":"https:\/\/swissavant.ch\/fr\/wp-json\/wp\/v2\/media\/12149"}],"wp:attachment":[{"href":"https:\/\/swissavant.ch\/fr\/wp-json\/wp\/v2\/media?parent=12530"}],"wp:term":[{"taxonomy":"category","embeddable":true,"href":"https:\/\/swissavant.ch\/fr\/wp-json\/wp\/v2\/categories?post=12530"},{"taxonomy":"post_tag","embeddable":true,"href":"https:\/\/swissavant.ch\/fr\/wp-json\/wp\/v2\/tags?post=12530"},{"taxonomy":"post_folder","embeddable":true,"href":"https:\/\/swissavant.ch\/fr\/wp-json\/wp\/v2\/post_folder?post=12530"}],"curies":[{"name":"wp","href":"https:\/\/api.w.org\/{rel}","templated":true}]}}